{"id":98475,"date":"2024-06-05T06:27:29","date_gmt":"2024-06-05T04:27:29","guid":{"rendered":"https:\/\/www.vorspeisenplatte.de\/speisen\/?p=98475"},"modified":"2024-06-06T10:20:03","modified_gmt":"2024-06-06T08:20:03","slug":"journal-dienstag-4-juni-2024-hochwasser-weiter-bedrohlich-ungute-aussichten-fuer-wahlhilfeeinsatz","status":"publish","type":"post","link":"https:\/\/www.vorspeisenplatte.de\/speisen\/2024\/06\/journal-dienstag-4-juni-2024-hochwasser-weiter-bedrohlich-ungute-aussichten-fuer-wahlhilfeeinsatz.htm","title":{"rendered":"Journal Dienstag, 4. Juni 2024 &#8211; Hochwasser weiter bedrohlich, ungute Aussichten f\u00fcr Wahlhilfeeinsatz"},"content":{"rendered":"<p>Erster Blick nach dem Aufstehen (gute Nacht) galt am Rechner dem Isarpegel, der die ganze Nacht \u00fcber Richtung Meldestufe 3 gestiegen war, und den Bahnverbindungen, die f\u00fcr meinen Job wichtig waren: Weiterhin kein Durchkommen zum M\u00fcnchner Hauptbahnhof. Und dann sah ich <a href=\"https:\/\/www.br.de\/nachrichten\/bayern\/unwetter-in-bayern-alle-news-zu-hochwasser-dauerregen-gewitter-im-ticker,UELbi9X\" rel=\"noopener\" target=\"_blank\">auf den Hochwasserticker des Bayerischen Rundfunks<\/a>: Mit sinkendem Herzen wusste ich jetzt, welche weitere Kolleg*innen es sehr wahrscheinlich erwischt hatte.<\/p>\n<p><a href=\"https:\/\/www.vorspeisenplatte.de\/speisen\/archiv\/240604_01_WebcamIsar.jpg\"><img loading=\"lazy\" decoding=\"async\" src=\"https:\/\/www.vorspeisenplatte.de\/speisen\/archiv\/240604_01_WebcamIsar.jpg\" alt=\"Blick von oben auf sonnigen Fluss mitten in der Stadt, am Ufer B\u00e4ume und H\u00e4user, Inseln mit B\u00e4umen in der Mitte sind von braunem Hochwasser \u00fcberschwemmt\" width=\"661\" height=\"402\" class=\"alignnone size-full \" \/><\/a><\/p>\n<p>\u00dcber der rei\u00dfenden, \u00fcberschwemmten Isar schien die Sonne. <a href=\"https:\/\/www.muenchen.de\/sehenswuerdigkeiten\/webcam-live-aus-muenchen-marienplatz-olympiapark-und-mehr\" rel=\"noopener\" target=\"_blank\">(Webcam-Quelle)<\/a><\/p>\n<p>Bei Ankunft im B\u00fcro begann auch gestern das gro\u00dfe Umplanen wegen Hochwasser-bedingten Personalausf\u00e4llen, doch jetzt sank zumindest der Pegel der Isar langsam wieder.<\/p>\n<p>Emsiger Vormittag, aber fast schon mit einer gewissen Gelassenheit zu bew\u00e4ltigen. Ich hatte sogar Zeit f\u00fcr Mittagscappuccino im Westend.<\/p>\n<p><a href=\"https:\/\/www.vorspeisenplatte.de\/speisen\/archiv\/240604_01_Stray.jpg\"><img loading=\"lazy\" decoding=\"async\" src=\"https:\/\/www.vorspeisenplatte.de\/speisen\/archiv\/240604_01_Stray.jpg\" alt=\"Blick durch ein Erdgescho\u00dffenster auf eine Stadtstra\u00dfe auf einen Altbau, der gerade einger\u00fcstet wird, es sind darauf drei Bauarbeiter\" width=\"380\" height=\"525\" class=\"alignnone size-full wp-image-98484\" \/><\/a><\/p>\n<p>Guter Cappuccino mit spannendem Blick auf entstehendes Bauger\u00fcst.<\/p>\n<p>Ich erkundigte mich zum Wahlhelfen bei der Europawahl: Die Wahlvorsteherin hatte sich immer noch nicht bei mir gemeldet wegen Abstimmung \/ Einteilung von Schichten, also rief ich sie mittags mal an. Ergebnis: Mein ungutes Gef\u00fchl wegen der Nichtmeldung war berechtigt, der Einsatz wird wahrscheinlich anstrengend. Ich arbeite die Schulungsunterlagen am Samstag lieber wieder gr\u00fcndlich durch. Und bin besser mal ab sieben vor Ort. Ehrenamt bringt ja bekanntlich besonders viel Ehre ein, wenn es anstrengt und unangenehm ist. Und mir ist sehr bewusst: Andere sind bei der Freiwilligen Feuerwehr und standen die vergangenen Tage im Hochwasser.<\/p>\n<p>Mittagessen: Apfel, Banane, H\u00fcttenk\u00e4se.<\/p>\n<p>Intensiver Nachmittag, aber ich lie\u00df es nicht zu sp\u00e4t werden &#8211; hatte noch Besorgungen vor.<\/p>\n<p><a href=\"https:\/\/www.vorspeisenplatte.de\/speisen\/archiv\/240604_05_WestendPatron.jpg\"><img loading=\"lazy\" decoding=\"async\" src=\"https:\/\/www.vorspeisenplatte.de\/speisen\/archiv\/240604_05_WestendPatron.jpg\" alt=\"Verteilerkasten auf Stra\u00dfe unter B\u00e4umen, darauf ein wei\u00dfes aufgespr\u00fchtes M\u00e4nnchen\" width=\"366\" height=\"370\" class=\"alignnone size-full wp-image-98486\" \/><\/a><\/p>\n<p>Edeka, Bargeld abheben, im Drogeriemarkt einen Lippenstift abholen, den ich online zur Abholung in Filiale bestellt hatte (daf\u00fcr musste ich eine Angestellte ansprechen, die in den Keller ging und ihn holte &#8211; so hatte ich mir das eigentlich nicht vorgestellt, auch wenn sie sehr freundlich und bereitwillig war), und schlie\u00dflich an einem Standl Abendessen einkaufen. Es sollte nochmal Spargel geben, aber ich war durchaus darauf gefasst, dass es wegen Hochwasser in den Anbaugebieten keinen geben w\u00fcrde. Keine Sorge n\u00f6tig, ich bekam zwei Kilo dicke Stangen (weil ich sch\u00e4lfaul bin). Damit wollte ich <a href=\"https:\/\/www.chris-kurbjuhn.de\/?p=10602\" rel=\"noopener\" target=\"_blank\">die Zubereitung in der Mikrowelle von Chris Kurbjuhn<\/a> ausprobieren.<\/p>\n<p>Zwischen Sch\u00e4len\/Vorbereiten und Garen legte ich noch eine Einheit Gymnastik.<\/p>\n<p>Der Spargel wurde ok (mit zweimal acht Minuten in der Mikrowelle), die Stangen sehr unterschiedlich gar: Da ich es mit der Menge arg gut gemeint hatte, hatte der Deckel der Sch\u00fcssel aber nicht ganz geschlossen. Dazu reichte Herr Kaltmamsell ein wenig Sauerrahm mit Kr\u00e4utern, die weg mussten: Estragon, Petersilie, Schnittlauch. Nachtisch reichlich Erdbeeren, Schokolade.<\/p>\n<p>Zum Tagesende Sinken des Isarpegels.<\/p>\n<p><a href=\"https:\/\/www.vorspeisenplatte.de\/speisen\/archiv\/240605_01_WasserstandIsarMuenchen.jpg\"><img loading=\"lazy\" decoding=\"async\" src=\"https:\/\/www.vorspeisenplatte.de\/speisen\/archiv\/240605_01_WasserstandIsarMuenchen.jpg\" alt=\"Grafik mit Isarpegel, der am 4.6. fast mis eldestufe 3 steigt, dann sinkt, in der Nacht zum 5.6. aber nochmal steigt\" width=\"489\" height=\"358\" class=\"alignnone size-full wp-image-98489\" \/><\/a><\/p>\n<p><a href=\"https:\/\/www.hnd.bayern.de\/pegel\/isar\/muenchen-16005701\" rel=\"noopener\" target=\"_blank\">Grafik des Bayerischen Landesamts f\u00fcr Umwelt<\/a> vom n\u00e4chsten Morgen: Weiter bedrohlich. <img loading=\"lazy\" decoding=\"async\" src=\"https:\/\/vg02.met.vgwort.de\/na\/50de43a9956f460297f2670d603a8eed\" width=\"1\" height=\"1\" alt=\"\"\/><\/p>\n","protected":false},"excerpt":{"rendered":"<p>Erster Blick nach dem Aufstehen (gute Nacht) galt am Rechner dem Isarpegel, der die ganze Nacht \u00fcber Richtung Meldestufe 3 gestiegen war, und den Bahnverbindungen, die f\u00fcr meinen Job wichtig waren: Weiterhin kein Durchkommen zum M\u00fcnchner Hauptbahnhof. Und dann sah ich auf den Hochwasserticker des Bayerischen Rundfunks: Mit sinkendem Herzen wusste ich jetzt, welche weitere [&hellip;]<\/p>\n","protected":false},"author":2,"featured_media":0,"comment_status":"open","ping_status":"closed","sticky":false,"template":"","format":"standard","meta":{"footnotes":""},"categories":[2,1],"tags":[],"class_list":["post-98475","post","type-post","status-publish","format-standard","hentry","category-fotos","category-general"],"_links":{"self":[{"href":"https:\/\/www.vorspeisenplatte.de\/speisen\/wp-json\/wp\/v2\/posts\/98475","targetHints":{"allow":["GET"]}}],"collection":[{"href":"https:\/\/www.vorspeisenplatte.de\/speisen\/wp-json\/wp\/v2\/posts"}],"about":[{"href":"https:\/\/www.vorspeisenplatte.de\/speisen\/wp-json\/wp\/v2\/types\/post"}],"author":[{"embeddable":true,"href":"https:\/\/www.vorspeisenplatte.de\/speisen\/wp-json\/wp\/v2\/users\/2"}],"replies":[{"embeddable":true,"href":"https:\/\/www.vorspeisenplatte.de\/speisen\/wp-json\/wp\/v2\/comments?post=98475"}],"version-history":[{"count":3,"href":"https:\/\/www.vorspeisenplatte.de\/speisen\/wp-json\/wp\/v2\/posts\/98475\/revisions"}],"predecessor-version":[{"id":98528,"href":"https:\/\/www.vorspeisenplatte.de\/speisen\/wp-json\/wp\/v2\/posts\/98475\/revisions\/98528"}],"wp:attachment":[{"href":"https:\/\/www.vorspeisenplatte.de\/speisen\/wp-json\/wp\/v2\/media?parent=98475"}],"wp:term":[{"taxonomy":"category","embeddable":true,"href":"https:\/\/www.vorspeisenplatte.de\/speisen\/wp-json\/wp\/v2\/categories?post=98475"},{"taxonomy":"post_tag","embeddable":true,"href":"https:\/\/www.vorspeisenplatte.de\/speisen\/wp-json\/wp\/v2\/tags?post=98475"}],"curies":[{"name":"wp","href":"https:\/\/api.w.org\/{rel}","templated":true}]}}