{"id":989,"date":"2005-08-23T09:41:10","date_gmt":"2005-08-23T07:41:10","guid":{"rendered":"https:\/\/www.vorspeisenplatte.de\/speisen\/?p=989"},"modified":"2005-08-23T09:42:00","modified_gmt":"2005-08-23T07:42:00","slug":"geburtstagsdammerung","status":"publish","type":"post","link":"https:\/\/www.vorspeisenplatte.de\/speisen\/2005\/08\/geburtstagsdammerung.htm","title":{"rendered":"Geburtstagsd\u00e4mmerung"},"content":{"rendered":"<p>Langsam legt sich meine unnat\u00fcrliche Aversion gegen den eigenen Geburtstag. Ich schenkte mir gestern nahezu spontan einen freien Tag \u2013 und genoss ihn! Dazu trugen die vielen sch\u00f6nen Gl\u00fcckw\u00fcnsche von Euch Lesern bei: Danke! Es hat mich sehr gefreut.<\/p>\n<p>Der \u201eprogressive\u201c Kuchen, Herr Mek, ist ein klassischer Rehr\u00fccken leckerster Art, nur dass meine Mutter die M\u00fche des Mandelnstiftelns scheute (er geh\u00f6rt eigentlich gespickt).<br \/>\nRichtig, Herr Himmelblau, das war die erste Generation deutscher Ikea-M\u00f6bel (Sie haben auch das Geschirr \u201eRondo\u201c erkannt?), in Eching gekauft und ganzer Stolz meiner fortschrittlichen Mutter. Was leider zur Folge hat, dass diese unsere S\u00f6hne- und T\u00f6chtergeneration dauerhaft f\u00fcr Kiefernm\u00f6bel verdorben ist.<\/p>\n<p>Ja, Lisa, Marzipan war auch meine Lieblingsspeise damals, sogar noch bis ins Teenageralter. Heute mag ich Marzipan nur noch als Bestandteil von Torten und Pralinen. Meine polnische Oma hat diesen Wandel bis heute nicht mitbekommen und beschenkt mich zu jeder Gelegenheit mit Marzipanstangen pfundweise.<br \/>\nDass die verknoteten Strohhalme eine ganze Generation begeisterten und mittlerweile eine Renaissance erlebt haben, wusste ich gar nicht. Oh ja, Lila, das Sauberhalten war fast unm\u00f6glich, der Halm war sicher nicht l\u00e4nger als ein paar Wochen im Einsatz.<br \/>\nNach den Blockfl\u00f6tenschlagern muss ich mal suchen. Im Keller lagert eine Schachtel mit meinen gesammelten Noten, da m\u00fcssten sie eigentlich sein.<br \/>\nBl\u00fchende Zweige, pers\u00f6nlich dirigierte <i>Star-Wars<\/i>-Musik, Katzenzungen (Frau Croco, Sie werden mir unheimlich), Hochwasser (nein, Modeste, ich hatte eigentlich 24 Grad mit Sonne und Wind bestellt, aber die sind versehentlich bei Herrn kid gelandet), Sekt, Kuchen, Kakao und so viele gute W\u00fcnsche \u2013 dem neuen Lebensjahr bleibt gar nichts \u00fcbrig, als gut zu werden.<\/p>\n<p>Den freien Tag nutzte ich zu einem vormitt\u00e4glichen Einkaufsbummel, mittags kamen meine Eltern angereist. Ich w\u00fcnschte mir Abenteuer und dirigierte Frau Mama sowie Herrn Papa ins japanische Schnellrestaurant <i>Shoya<\/i> gegen\u00fcber dem Hofbr\u00e4uhaus. Wir sa\u00dfen dort eingepfercht zwischen japanischen Touristen (das <i>Shoya<\/i> ist Anlaufstelle f\u00fcr Japaner, die nach all den ekligen europ\u00e4ischen Gerichten endlich mal wieder was G\u2019scheits essen wollen), die W\u00e4nde um uns fl\u00e4chendeckend beklebt mit laminierten Fotos der angebotenen Speisen, und es schmeckte mal wieder ganz hervorragend. \u00dcber das Lokal schreibe ich sicher noch mal ausf\u00fchrlicher.<br \/>\nDaheim beim Kaffee stellten mein Vater und ich fest, dass wir beide von Kekstellern immer erst mal das zerbrochene Geb\u00e4ck essen. Vermutlich haben wir das Bed\u00fcrfnis, Ordnung zu erknabbern.<\/p>\n<p>Vielleicht komme ich im Laufe der Jahre zur\u00fcck zu dem Status, dass ich meinen Geburtstag sogar wieder feiere.<\/p>\n","protected":false},"excerpt":{"rendered":"<p>Langsam legt sich meine unnat\u00fcrliche Aversion gegen den eigenen Geburtstag. Ich schenkte mir gestern nahezu spontan einen freien Tag \u2013 und genoss ihn! Dazu trugen die vielen sch\u00f6nen Gl\u00fcckw\u00fcnsche von Euch Lesern bei: Danke! Es hat mich sehr gefreut. Der \u201eprogressive\u201c Kuchen, Herr Mek, ist ein klassischer Rehr\u00fccken leckerster Art, nur dass meine Mutter die [&hellip;]<\/p>\n","protected":false},"author":2,"featured_media":0,"comment_status":"open","ping_status":"closed","sticky":false,"template":"","format":"standard","meta":{"footnotes":""},"categories":[1],"tags":[],"class_list":["post-989","post","type-post","status-publish","format-standard","hentry","category-general"],"_links":{"self":[{"href":"https:\/\/www.vorspeisenplatte.de\/speisen\/wp-json\/wp\/v2\/posts\/989","targetHints":{"allow":["GET"]}}],"collection":[{"href":"https:\/\/www.vorspeisenplatte.de\/speisen\/wp-json\/wp\/v2\/posts"}],"about":[{"href":"https:\/\/www.vorspeisenplatte.de\/speisen\/wp-json\/wp\/v2\/types\/post"}],"author":[{"embeddable":true,"href":"https:\/\/www.vorspeisenplatte.de\/speisen\/wp-json\/wp\/v2\/users\/2"}],"replies":[{"embeddable":true,"href":"https:\/\/www.vorspeisenplatte.de\/speisen\/wp-json\/wp\/v2\/comments?post=989"}],"version-history":[{"count":0,"href":"https:\/\/www.vorspeisenplatte.de\/speisen\/wp-json\/wp\/v2\/posts\/989\/revisions"}],"wp:attachment":[{"href":"https:\/\/www.vorspeisenplatte.de\/speisen\/wp-json\/wp\/v2\/media?parent=989"}],"wp:term":[{"taxonomy":"category","embeddable":true,"href":"https:\/\/www.vorspeisenplatte.de\/speisen\/wp-json\/wp\/v2\/categories?post=989"},{"taxonomy":"post_tag","embeddable":true,"href":"https:\/\/www.vorspeisenplatte.de\/speisen\/wp-json\/wp\/v2\/tags?post=989"}],"curies":[{"name":"wp","href":"https:\/\/api.w.org\/{rel}","templated":true}]}}