{"id":98995,"date":"2024-06-24T05:53:21","date_gmt":"2024-06-24T03:53:21","guid":{"rendered":"https:\/\/www.vorspeisenplatte.de\/speisen\/?p=98995"},"modified":"2024-06-24T14:45:19","modified_gmt":"2024-06-24T12:45:19","slug":"journal-sonntag-23-juni-2024-das-kartoffelkombinat-generalversammelt","status":"publish","type":"post","link":"https:\/\/www.vorspeisenplatte.de\/speisen\/2024\/06\/journal-sonntag-23-juni-2024-das-kartoffelkombinat-generalversammelt.htm","title":{"rendered":"Journal Sonntag, 23. Juni 2024 &#8211; Das Kartoffelkombinat generalversammelt"},"content":{"rendered":"<p>Fr\u00fch aufgewacht, aber erfrischt. Das begr\u00fc\u00dfte ich, denn der Tag enthielt Pl\u00e4ne.<\/p>\n<p>Erstmal aber war er sehr k\u00fchl und regnete bald wieder. Flott fertiggebloggt und Mastodon-Timeline nachgelesen, dann war bereits Zeit, mich f\u00fcr die Generalversammlung des Kartoffelkombinats fertig zu machen (Mit-Genossenschaftler Herr Kaltmamsell passte, weil er arbeiten musste).<\/p>\n<p>Eine Stra\u00dfenbahn brachte mich auch diesmal zum Mucca-Haus im Kreativquartier an der Schwere-Reiter-Stra\u00dfe. Der Regen hatte zum Gl\u00fcck aufgeh\u00f6rt, mit dem Empanada-Tablett in den H\u00e4nden h\u00e4tte ich keine f\u00fcr einen Schirm frei gehabt.<\/p>\n<p><a href=\"https:\/\/www.vorspeisenplatte.de\/speisen\/archiv\/240623_05_KKGeneralversammlung.jpg\"><img loading=\"lazy\" decoding=\"async\" class=\"alignnone size-full wp-image-99009\" src=\"https:\/\/www.vorspeisenplatte.de\/speisen\/archiv\/240623_05_KKGeneralversammlung.jpg\" alt=\"Auf einer B\u00fchne vor kargem wei\u00dfen Hintergrund steht rechts ein Redner mit Mikrofon, links sitzen drei Menschen an einem Tisch\" width=\"497\" height=\"368\" \/><\/a><\/p>\n<p>Rechts Vorstand Daniel, hinter ihm das Ergebnis des Mal-Ausflugs eines VHS-Kurses zu unserer G\u00e4rtnerei in Spielberg bei Mammendorf.<\/p>\n<p><a href=\"https:\/\/www.vorspeisenplatte.de\/speisen\/archiv\/240623_07_KKGeneralversammlung.jpg\"><img loading=\"lazy\" decoding=\"async\" class=\"alignnone size-full wp-image-99010\" src=\"https:\/\/www.vorspeisenplatte.de\/speisen\/archiv\/240623_07_KKGeneralversammlung.jpg\" alt=\"Auf einer B\u00fchne vor kargem wei\u00dfen Hintergrund steht rechts eine Rednerin mit Mikrofon, links sitzen drei Menschen an einem Tisch\" width=\"492\" height=\"347\" \/><\/a><\/p>\n<p>Vorst\u00e4ndin Jana, die nochmal kurz die Finanzierung des Kartoffelkombinats zusammenfasst.<\/p>\n<p>Nach meinem Eindruck waren wir noch weniger Teilnehmende als vor zwei Jahren, nicht mal 100; bei mittlerweile \u00fcber 3.000 Mitgliedern im Kartoffelkombinat konnte mich das immer noch wundern (2023 war ich durch eine Reise verhindert). Es gab viel Sch\u00f6nes, Interessantes, Spannendes zu h\u00f6ren und zu sehen.<\/p>\n<p>Vorstand Daniel begann den Lagebericht 2023 mit Zahlen und Daten zur Lebensmittelversorgung in Deutschland: Sie ist fest in der Hand von vier gro\u00dfen Anbietern, fast die H\u00e4lfte sind Rewe und Edeka. Ziel ist: Hauptsache billig, im Preiskampf geht die Wertsch\u00e4tzung f\u00fcr landwirtschaftliche Produkte verloren. Und dass diese Preise nur mit massiver und menschenunw\u00fcrdiger Ausbeutung der Arbeiter*innen erzielbar sind, ist vielfach belegt.<br \/>\nN\u00e4chster Zahlenblock: In Deutschland gibt es 260.000 landwirtschaftliche Betriebe, in 7.000 davon und auf nur 2 Prozent der landwirtschaftlichen Fl\u00e4che wird Gem\u00fcse angebaut. W\u00e4hrend Deutschland 2\/3 seines Gem\u00fcsebedarfs durch Importe deckt, liegt die Versorgungsquote bei Fleisch bei 127 Prozent.<br \/>\nUnd selbst wenn mehr landwirtschaftliche Fl\u00e4che in Deutschland f\u00fcr den Gem\u00fcseanbau genutzt werden <i>soll<\/i>: Es gibt fast niemanden mit der n\u00f6tigen Fachkenntnis. Pro Jahr machen nur 15 neue Gem\u00fcseanbaumeister*innen ihren Abschluss. Deutschlandweit.<\/p>\n<p>Genau zu diesen Missst\u00e4nden ist das Kartoffelkombinat der Gegenentwurf (u.a. haben wir bereits neun G\u00e4rtner*innen ausgebildet).<\/p>\n<p>Dann aber ging es zu Positivem, n\u00e4mlich den Zahlen des Kartoffelkombinats 2023: Finanziell alles tutti, Zielergebnis erreicht (wir sind ja nicht Gewinn-orientiert) &#8211; das alles von Jana im Detail erkl\u00e4rt und dargelegt. Ende 2023 waren wir 3.345 Genoss*innen, hatten 130 Verteilerpunkte. Der Jahresabschluss wurde von der Versammlung angenommen, Vorstand entlastet, der Aufsichtsrat mit einem neuen Mitglied f\u00fcr weitere drei Jahre gew\u00e4hlt.<\/p>\n<p>Pause fr\u00fcher als geplant. Ich trank Kaffee und guckte mich in der umliegenden Streetart um.<\/p>\n<p><a href=\"https:\/\/www.vorspeisenplatte.de\/speisen\/archiv\/240623_12_MuccaHaus.jpg\"><img loading=\"lazy\" decoding=\"async\" class=\"alignnone size-full wp-image-99011\" src=\"https:\/\/www.vorspeisenplatte.de\/speisen\/archiv\/240623_12_MuccaHaus.jpg\" alt=\"Streetart u.a. mit Menschengesichtern in Schwarz-wei\u00df\" width=\"423\" height=\"472\" \/><\/a><\/p>\n<p><a href=\"https:\/\/www.vorspeisenplatte.de\/speisen\/archiv\/240623_13_MuccaHaus.jpg\"><img loading=\"lazy\" decoding=\"async\" class=\"alignnone size-full wp-image-99012\" src=\"https:\/\/www.vorspeisenplatte.de\/speisen\/archiv\/240623_13_MuccaHaus.jpg\" alt=\"Streetart mit der Schrift &quot;Cans &amp; Co.&quot;\" width=\"336\" height=\"362\" \/><\/a><\/p>\n<p><a href=\"https:\/\/www.vorspeisenplatte.de\/speisen\/archiv\/240623_14_MuccaHaus.jpg\"><img loading=\"lazy\" decoding=\"async\" class=\"alignnone size-full wp-image-99013\" src=\"https:\/\/www.vorspeisenplatte.de\/speisen\/archiv\/240623_14_MuccaHaus.jpg\" alt=\"Streetart mit der Schrift &quot;a good day 2 be wild&quot;\" width=\"531\" height=\"331\" \/><\/a><\/p>\n<p>Die K\u00fcnstler der oberen beiden kenne ich von der Bruderm\u00fchlbr\u00fccke.<\/p>\n<p><a href=\"https:\/\/www.vorspeisenplatte.de\/speisen\/archiv\/240623_16_MuccaHaus.jpg\"><img loading=\"lazy\" decoding=\"async\" class=\"alignnone size-full wp-image-99014\" src=\"https:\/\/www.vorspeisenplatte.de\/speisen\/archiv\/240623_16_MuccaHaus.jpg\" alt=\"Bunte Streetart mit Pikachu\" width=\"477\" height=\"369\" \/><\/a><\/p>\n<p>Im zweiten Teil ging es um das Jahr 2024: Status und Pl\u00e4ne.<\/p>\n<p>Wenn jemand nach der Testphase nicht beitritt oder ein bestehendes Mitglied austritt, wird nat\u00fcrlich immer nach den Gr\u00fcnden gefragt: H\u00e4ufigster Grund ist Umzug, der zweith\u00e4ufigste aber, dass der Ernteanteil nicht innerhalb einer Woche wegkommt. Der Grund daf\u00fcr wiederum ist auf Nachfrage h\u00e4ufig, dass die Betreffenden nicht auf die Jahreszeiten eingehen, oft einfach wie bisher ihr Essen planen und daf\u00fcr einkaufen, den Ernteanteil als Zusatz bekommen. War f\u00fcr uns nie der Fall, und schon als wir vor \u00fcber zehn Jahren und vor Mitgliedschaft im Kartoffelkombinat zwei Jahre lang eine regionale Biokiste bezogen, planten wir auf der Basis von deren Inhalt.<br \/>\nAber ich lernte ja erst vor Kurzem, dass <i>nicht<\/i> alle auf die Frage &#8220;Was essen wir heute?&#8221; erstmal nachsehen, was da ist, was weg muss.<br \/>\nDer Vorstand hatte sich verschiedene Gegenmittel f\u00fcr diesen K\u00fcndigungsgrund ausgedacht; bis Ende des Jahres soll sich die Wirksamkeit erweisen.<\/p>\n<p>Es gab einen Bericht \u00fcber die Fairzeugnisse, die wir schon einmal als Sammelbestellung vom Biohof Lex bezogen (ich bin mit den Linsen, schwarzen Bohnen und der Polenta hochzufrieden), demn\u00e4chst gibt es eine weitere Bestellrunde &#8211; und die Chefin des Biohofs stellte sich per Video vor.<\/p>\n<p>Weiterer Berichte \u00fcber die Personalsituation (angespannt) und den Status unserer Bauvorhaben (nur eines geht wirklich voran). Dann wurde es nochmal (f\u00fcr mich) wirklich spannend: Die Leitung des Gem\u00fcseanbaus, Benny (Freiland) und Sophie (Gew\u00e4chsh\u00e4user), erz\u00e4hlten detaillierter, was sie wie warum machen und welche Rolle die Rahmenbedingungen spielen. Mal wieder wurde mir intensiv klar, dass der Gem\u00fcseanbau f\u00fcr derzeit 2.300 Haushalte \u00fcberhaupt nichts mit dem Schrebergarteln zu tun hat: H\u00f6chster Respekt vor dieser Fachkenntnis. Allerdings erfuhr ich auch, dass dieses Jahr &#8211; nat\u00fcrlich aus guten Gr\u00fcnden &#8211; keine Auberginen angebaut wurden.<\/p>\n<p>Bis alle Fragen beantwortet waren, auch der <a href=\"https:\/\/kartoffelkombinat-ev.de\/\" target=\"_blank\" rel=\"noopener\">Kartoffelkombinat-Verein<\/a> berichtet hatte, war es sp\u00e4t, ich konnte schier nicht mehr sitzen.<\/p>\n<p>Wenn Sie Lust auf eine Testphase im Kartoffelkombinat haben: <a href=\"https:\/\/www.kartoffelkombinat.de\/mitmachen\/\" target=\"_blank\" rel=\"noopener\">Hier lang.<\/a> Und wenn Sie sich den 30. September schonmal vormerken wollen? Da wird <a href=\"https:\/\/www.realfictionfilme.de\/das-kombinat.html\" target=\"_blank\" rel=\"noopener\">der Dokumentarfilm \u00fcber uns, <i>Das Kombinat<\/i><\/a> auf 3sat gezeigt. Uhrzeit gebe ich rechtzeitig hier durch.<\/p>\n<p>Drau\u00dfen war das Wetter sonnig geworden, um ein wenig Bewegung zu bekommen, ging ich zu Fu\u00df heim. Ich nahm in dieser knappen Stunde m\u00f6glichst noch gar nicht oder schon lang nicht mehr begangene Wege, lie\u00df mich nach den Stunden in der k\u00fchlen Halle von der Sonne gut durchw\u00e4rmen.<\/p>\n<p>Bei Heimkehr um vier war ich dann richtig hungrig, a\u00df ein wenig \u00fcbrige Empanada (der Teig ist so super!), au\u00dferdem Pfirsiche mit Joghurt. Auf dem Balkon Zeitung ausgelesen und Ulrike Draesner, <i>Die Verwandelten<\/i> (auf den letzten Dr\u00fccker vor R\u00fcckgabefrist) &#8211; atemberaubend bis zum Schluss. Es blieb noch Zeit f\u00fcr eine Runde Gymnastik, nach all dem Sitzen besonders wohltuend. Reisevorbereitungen f\u00fcr die Fahrt am Mittwoch nach Klagenfurt zum Bachmannpreislesen.<\/p>\n<p>Das Nachtmahl servierte Herr Kaltmamsell: Der Erntanteil-Mangold war in Teigt\u00e4schchen verschwunden (aus <i>Immer schon vegan<\/i> von Katharina Seiser), dazu gab es kostbare Buschbohnen aus Ernteanteil &#8211; wenige und die einzigen dieses Jahr.<\/p>\n<p><a href=\"https:\/\/www.vorspeisenplatte.de\/speisen\/archiv\/240623_17_Nachtmahl.jpg\"><img loading=\"lazy\" decoding=\"async\" class=\"alignnone size-full wp-image-99015\" src=\"https:\/\/www.vorspeisenplatte.de\/speisen\/archiv\/240623_17_Nachtmahl.jpg\" alt=\"Auf Tisch gr\u00fcnes Platz-Set, darauf Glasteller, daruf sieben dreieckige Teigt\u00e4schchen, in der Mitte ein B\u00fcndel gr\u00fcne Bohnen\" width=\"438\" height=\"319\" \/><\/a><\/p>\n<p>Die T\u00e4schchen waren gut, schmeckten aber nicht sehr nach Mangold, die Bohnen super-aromatisch und k\u00f6stlich.<\/p>\n<p>F\u00fcr den Nachtisch gingen wir raus zum freundlichen Nachbarschafts-Eisdieler.<\/p>\n<p><a href=\"https:\/\/www.vorspeisenplatte.de\/speisen\/archiv\/240623_19_Spaghettieis.jpg\"><img loading=\"lazy\" decoding=\"async\" class=\"alignnone size-full wp-image-99016\" src=\"https:\/\/www.vorspeisenplatte.de\/speisen\/archiv\/240623_19_Spaghettieis.jpg\" alt=\"Links ein Becher mit Spaghetti-Eis, rechts angeschnitten Sahne auf Eiskugeln\" width=\"363\" height=\"396\" \/><\/a><\/p>\n<p>Herr Kaltmamsell bekam endlich sein Spaghetti-Eis, ich drei Kugeln mit Sahne, entdeckte bei dieser Gelegenheit Rosenbl\u00fcteneis. <img loading=\"lazy\" decoding=\"async\" src=\"https:\/\/vg02.met.vgwort.de\/na\/7deb7b26d7d34de0a5c2844391abcff4\" width=\"1\" height=\"1\" alt=\"\"\/><\/p>\n","protected":false},"excerpt":{"rendered":"<p>Fr\u00fch aufgewacht, aber erfrischt. Das begr\u00fc\u00dfte ich, denn der Tag enthielt Pl\u00e4ne. Erstmal aber war er sehr k\u00fchl und regnete bald wieder. Flott fertiggebloggt und Mastodon-Timeline nachgelesen, dann war bereits Zeit, mich f\u00fcr die Generalversammlung des Kartoffelkombinats fertig zu machen (Mit-Genossenschaftler Herr Kaltmamsell passte, weil er arbeiten musste). Eine Stra\u00dfenbahn brachte mich auch diesmal zum [&hellip;]<\/p>\n","protected":false},"author":2,"featured_media":0,"comment_status":"open","ping_status":"closed","sticky":false,"template":"","format":"standard","meta":{"footnotes":""},"categories":[6,2,1],"tags":[],"class_list":["post-98995","post","type-post","status-publish","format-standard","hentry","category-essen","category-fotos","category-general"],"_links":{"self":[{"href":"https:\/\/www.vorspeisenplatte.de\/speisen\/wp-json\/wp\/v2\/posts\/98995","targetHints":{"allow":["GET"]}}],"collection":[{"href":"https:\/\/www.vorspeisenplatte.de\/speisen\/wp-json\/wp\/v2\/posts"}],"about":[{"href":"https:\/\/www.vorspeisenplatte.de\/speisen\/wp-json\/wp\/v2\/types\/post"}],"author":[{"embeddable":true,"href":"https:\/\/www.vorspeisenplatte.de\/speisen\/wp-json\/wp\/v2\/users\/2"}],"replies":[{"embeddable":true,"href":"https:\/\/www.vorspeisenplatte.de\/speisen\/wp-json\/wp\/v2\/comments?post=98995"}],"version-history":[{"count":3,"href":"https:\/\/www.vorspeisenplatte.de\/speisen\/wp-json\/wp\/v2\/posts\/98995\/revisions"}],"predecessor-version":[{"id":99050,"href":"https:\/\/www.vorspeisenplatte.de\/speisen\/wp-json\/wp\/v2\/posts\/98995\/revisions\/99050"}],"wp:attachment":[{"href":"https:\/\/www.vorspeisenplatte.de\/speisen\/wp-json\/wp\/v2\/media?parent=98995"}],"wp:term":[{"taxonomy":"category","embeddable":true,"href":"https:\/\/www.vorspeisenplatte.de\/speisen\/wp-json\/wp\/v2\/categories?post=98995"},{"taxonomy":"post_tag","embeddable":true,"href":"https:\/\/www.vorspeisenplatte.de\/speisen\/wp-json\/wp\/v2\/tags?post=98995"}],"curies":[{"name":"wp","href":"https:\/\/api.w.org\/{rel}","templated":true}]}}