{"id":99253,"date":"2024-07-01T07:01:12","date_gmt":"2024-07-01T05:01:12","guid":{"rendered":"https:\/\/www.vorspeisenplatte.de\/speisen\/?p=99253"},"modified":"2024-07-01T08:42:19","modified_gmt":"2024-07-01T06:42:19","slug":"journal-sonntag-30-juni-2024-rueckreise-von-klagenfurt-keine-entspannung","status":"publish","type":"post","link":"https:\/\/www.vorspeisenplatte.de\/speisen\/2024\/07\/journal-sonntag-30-juni-2024-rueckreise-von-klagenfurt-keine-entspannung.htm","title":{"rendered":"Journal Sonntag, 30. Juni 2024 &#8211; R\u00fcckreise von Klagenfurt, keine Entspannung"},"content":{"rendered":"<p>Trotz sp\u00e4tem Einschlafen wachte ich vor Weckerklingeln auf, drau\u00dfen nochmal Sommer.<\/p>\n<p>Fertigbloggen, Fertigmachen f\u00fcr die Abreise. Ich fotografierte die Unterkunftsituation als Belege, die sachliche Bewertung mit allen Abweichungen von der Annonce formulierte ich ohnehin bereits seit Tagen im Kopf.<\/p>\n<p><a href=\"https:\/\/www.vorspeisenplatte.de\/speisen\/archiv\/240630_09_Lendhafen.jpg\"><img loading=\"lazy\" decoding=\"async\" src=\"https:\/\/www.vorspeisenplatte.de\/speisen\/archiv\/240630_09_Lendhafen.jpg\" alt=\"Blick von schr\u00e4g oben auf einen sonnenbeschienenen Kanal mit vielen B\u00e4umen ges\u00e4umt, im Vordergrund Sandboden mit Tischen und St\u00fchlen, leer\" width=\"344\" height=\"467\" class=\"alignnone size-full wp-image-99260\" \/><\/a><\/p>\n<p>Leerer Lendhafen<\/p>\n<p>Zeitig rollkofferte ich durch die fr\u00fch deutliche Sommerhitze vorbei am bereits regen ORF-Geb\u00e4ude zum Klagenfurter Bahnhof. Der Railjet der \u00d6BB stand schon parat, ich setzte mich auf meinen sch\u00f6n klimatisierten Platz in offensichtlich betagter Ausstattung &#8211; und hatte damit zweifach Gl\u00fcck: 1. Meine Reservierung existierte in diesem Zug, dem zwei Wagen fehlten (an jedem Bahnhof herumirrende Passagiere, die vergeblich ihre Platznummer suchten), 2. Die Klimaanlage funktionierte &#8211; anders als in den Wagen, von denen in der ersten Stunde Passagiere aufgefordert wurden, sich lieber woanders Pl\u00e4tze zu suchen. Solche Erlebnisse haben f\u00fcr mich DB-Kundin ja immer eine leise Note der Erleichterung: Andere Bahngesellschaften sind auch nicht perfekt. Wieder andere Wagen wurden von alkoholisierten Fu\u00dfballfans bel\u00e4rmt &#8211; auch dem entging ich.<\/p>\n<p>W\u00e4hrend ich auf meinem Handy Zeitung las (WLAN gab es keines auf der gesamten Fahrt, ich verschob das Zusammenstellen von Lieblings-Microblog-Posts Juni), verfolgte ich auf Bluesky und Mastodon die Bachmannpreisverleihung, zus\u00e4tzlich informiert von einer Mit-Schlachtenbummlerin, die den Stream h\u00f6rte. Ich konnte die Bepreisungen nachvollziehen au\u00dfer dem Hauptpreis: Bei aller Gratulation an Tijan Sila &#8211; weder der Text &#8220;Der Tag, an dem meine Mutter verr\u00fcckt wurde&#8221; noch die Jury-Diskussion hatten auf etwas \u00dcberragendes hingewiesen. Dass Henrik Sz\u00e1nt\u00f3 mit seinem &#8220;Eine Treppe aus Papier&#8221; komplett leer ausging, sah ich ebenfalls von Textqualit\u00e4t und Jurybesprechung entkoppelt.<\/p>\n<p>Der Zug wurde immer voller, ab Salzburg standen die Leute in den G\u00e4ngen. Ich war froh um meinen Sitzplatz, war darauf allerdings so in meinem Gep\u00e4ck eingeklemmt, dass mein Kreuz immer heftiger protestierte und bis ins ganze rechte Bein unangenehm schmerzte. Ankunft in M\u00fcnchen mit gro\u00dfer Erleichterung.<\/p>\n<p>Hier war das Wetter k\u00fchler, wenn auch schw\u00fcl. Zuhause traf auch bald eine Mit-Schlachtenbummlerin ein, die auf Montag bei uns \u00fcbernachten und dann weiterreisen w\u00fcrde. Unterhaltungen zu dritt, Herr Kaltmamsell hatte als Nachtmahl \u00fcberbackene Enchiladas vorbereitet, die gab es nach einem heftigen Regen drau\u00dfen und erwarteten und dennoch schlimmen Wahlergebnissen aus Frankreich: <a href=\"https:\/\/www.tagesschau.de\/ausland\/europa\/wahl-frankreich-180.html\" rel=\"noopener\" target=\"_blank\">Es steht die erste faschistische Regierung einer Alliierten-Nation bevor.<\/a> Ich hatte gro\u00dfe Lust auf Alkohol gehabt und gehofft, mir damit ein wenig Entspannung nach diesen angespannten Tagen zu holen: Der spanische Rotwein zum Essen schaffte das leider nicht.<\/p>\n<p>Als gute Idee erwies sich wieder, dass ich auch den Montag Urlaub genommen hatte: Ich w\u00fcrde diesen Tag dringend zum Runterkommen brauchen. <img loading=\"lazy\" decoding=\"async\" src=\"https:\/\/vg02.met.vgwort.de\/na\/662519503cf6481a85feb76be80e8b58\" width=\"1\" height=\"1\" alt=\"\"\/><\/p>\n","protected":false},"excerpt":{"rendered":"<p>Trotz sp\u00e4tem Einschlafen wachte ich vor Weckerklingeln auf, drau\u00dfen nochmal Sommer. Fertigbloggen, Fertigmachen f\u00fcr die Abreise. Ich fotografierte die Unterkunftsituation als Belege, die sachliche Bewertung mit allen Abweichungen von der Annonce formulierte ich ohnehin bereits seit Tagen im Kopf. Leerer Lendhafen Zeitig rollkofferte ich durch die fr\u00fch deutliche Sommerhitze vorbei am bereits regen ORF-Geb\u00e4ude zum [&hellip;]<\/p>\n","protected":false},"author":2,"featured_media":0,"comment_status":"open","ping_status":"closed","sticky":false,"template":"","format":"standard","meta":{"footnotes":""},"categories":[2,1],"tags":[],"class_list":["post-99253","post","type-post","status-publish","format-standard","hentry","category-fotos","category-general"],"_links":{"self":[{"href":"https:\/\/www.vorspeisenplatte.de\/speisen\/wp-json\/wp\/v2\/posts\/99253","targetHints":{"allow":["GET"]}}],"collection":[{"href":"https:\/\/www.vorspeisenplatte.de\/speisen\/wp-json\/wp\/v2\/posts"}],"about":[{"href":"https:\/\/www.vorspeisenplatte.de\/speisen\/wp-json\/wp\/v2\/types\/post"}],"author":[{"embeddable":true,"href":"https:\/\/www.vorspeisenplatte.de\/speisen\/wp-json\/wp\/v2\/users\/2"}],"replies":[{"embeddable":true,"href":"https:\/\/www.vorspeisenplatte.de\/speisen\/wp-json\/wp\/v2\/comments?post=99253"}],"version-history":[{"count":3,"href":"https:\/\/www.vorspeisenplatte.de\/speisen\/wp-json\/wp\/v2\/posts\/99253\/revisions"}],"predecessor-version":[{"id":99276,"href":"https:\/\/www.vorspeisenplatte.de\/speisen\/wp-json\/wp\/v2\/posts\/99253\/revisions\/99276"}],"wp:attachment":[{"href":"https:\/\/www.vorspeisenplatte.de\/speisen\/wp-json\/wp\/v2\/media?parent=99253"}],"wp:term":[{"taxonomy":"category","embeddable":true,"href":"https:\/\/www.vorspeisenplatte.de\/speisen\/wp-json\/wp\/v2\/categories?post=99253"},{"taxonomy":"post_tag","embeddable":true,"href":"https:\/\/www.vorspeisenplatte.de\/speisen\/wp-json\/wp\/v2\/tags?post=99253"}],"curies":[{"name":"wp","href":"https:\/\/api.w.org\/{rel}","templated":true}]}}