{"id":99850,"date":"2024-07-23T06:25:11","date_gmt":"2024-07-23T04:25:11","guid":{"rendered":"https:\/\/www.vorspeisenplatte.de\/speisen\/?p=99850"},"modified":"2024-07-23T06:25:11","modified_gmt":"2024-07-23T04:25:11","slug":"journal-montag-22-juli-2024-veraenderungen-veraenderliches-wetter","status":"publish","type":"post","link":"https:\/\/www.vorspeisenplatte.de\/speisen\/2024\/07\/journal-montag-22-juli-2024-veraenderungen-veraenderliches-wetter.htm","title":{"rendered":"Journal Montag, 22. Juli 2024 &#8211; Ver\u00e4nderungen, ver\u00e4nderliches Wetter"},"content":{"rendered":"<p>Etwas unruhige Nacht, doch ich wachte vor Weckerklingeln ausgeschlafen auf. Eingeschlafen war ich zu Regenrauschen: Das zumindest h\u00f6rte ich drau\u00dfen nicht, doch der Himmel sah d\u00fcster aus.<\/p>\n<p>Beim Eincremen nach dem Duschen musste ich endg\u00fcltig zugeben: Ich hatte mir am Sonntag einen leichten Sonnenbrand im Gesicht eingefangen, mich wohl nicht sorgf\u00e4ltig genug eingecremt &#8211; oder doch zu viel Zeit in der Sonne verbracht. So bewusst ich das erh\u00f6hte Risiko Hautkrebs beim (wirklich nur gelegentlichen) Sonnenbaden in Kauf nehme: Bei Sonnenbrand f\u00fchle ich mich so verantwortungslos, als h\u00e4tte ich geraucht.<\/p>\n<p>F\u00fcr den Weg in die Arbeit steckte ich einen Regenschirm ein, den ich schon nach dem ersten Kilometer ben\u00f6tigte &#8211; aber nur kurz.<\/p>\n<p>Im B\u00fcro stellte sich nach Hochfahren des Rechners heraus, dass andere das Wochenende durchgearbeitet hatten. Ich wuselte eine Stunde lang hektisch, um das halbwegs abzuarbeiten, doch mir wurde klar, dass ich mit dieser Erscheinung einen anderen Umgang w\u00fcrde finden m\u00fcssen: Aus einer Info-Runde ergab sich, dass meine Montagmorgen k\u00fcnftig eher regelm\u00e4\u00dfig so beginnen werden. Und dass es weitere grundlegende Ver\u00e4nderungen gibt, die sich auf mein Arbeitsprofil auswirken und mich erneut in Unruhe versetzen.<\/p>\n<p>Dennoch oder deswegen schoss ich raus auf einen Mittagscappuccino im Westend; ich brauchte dringend Bewegung, und es war gerade trocken, man erahnte sogar ein wenig Sonne. Ich freute mich an gutem Cappuccino und an dem Anblick zweier (f\u00fcr diese Gegend) ungew\u00f6hlich eleganter Herren; ich h\u00e4tte die Details ihrer eigentlich schlichten, aber sorgf\u00e4ltig gew\u00e4hlten Bekleidung gerne genauer gesehen, wollte aber nicht starren. Sie waren aber ohnehin die Sorte Mensch, die mutma\u00dflich auch in M\u00fcllt\u00fcten elegant wirken.<\/p>\n<p>Zur\u00fcck im B\u00fcro mehr Wirbeln, Mittagessen war eher sp\u00e4t ein Laugenz\u00f6pferl, au\u00dferdem Joghurt mit Quark.<\/p>\n<p>Kurz darauf kehrte der Regen zur\u00fcck, er brachte Gewitter mit. Weiter ging&#8217;s mit geradezu britischem Wetter, mal blauer Himmel, dann wieder Wolken in allen Graut\u00f6nen.<\/p>\n<p>Anstrengender Arbeitsnachmittag, gegen Ende immer z\u00e4her. Auf dem Heimweg blieb ich trocken. Ich brachte ein Kleid zur \u00c4nderungsschneiderin, kaufte Lebensmittel beim Vollcorner &#8211; auch mein Abendessen, denn der Ernteanteil war so gut wie weg (nur Kartoffeln \u00fcbrig), Herr Kaltmamsell aush\u00e4usig.<\/p>\n<p>Zu Hause nun wieder Gymnastik in Form von Yoga mit Adriene &#8211; aaahhhh, das tat sehr gut. Manchmal kommt ein &#8220;be kind to yourself&#8221; genau richtig.<\/p>\n<p><a href=\"https:\/\/www.vorspeisenplatte.de\/speisen\/archiv\/240722_02_Nachtmahl.jpg\"><img loading=\"lazy\" decoding=\"async\" src=\"https:\/\/www.vorspeisenplatte.de\/speisen\/archiv\/240722_02_Nachtmahl.jpg\" alt=\"Aufsicht auf einen gro\u00dfen Glasteller mit Caprese\" width=\"444\" height=\"333\" class=\"alignnone size-full wp-image-99865\" \/><\/a><\/p>\n<p>Gutes Abendessen. Nachtisch Schokolade. Recherchiert, wo wir in Essen Anfang August fein und gut Essen gehen k\u00f6nnten. Ich fand durchaus interessante Restaurants, allerdings ist es zu allen von unserer Unterkunft aus ganz sch\u00f6n weit. Kann hier jemand etwas empfehlen, das fu\u00dfl\u00e4ufig von Zeche Zollverein liegt?<\/p>\n<p>Herr Kaltmamsell kam von seiner Verabredung heim und erz\u00e4hlte, ich ging fr\u00fch ins Bett und begann dort eine neue Lekt\u00fcre aus der M\u00fcnchner Stadtbibliothek: Scott Alexander Howard, <i>The other valley<\/i>.<\/p>\n<p>\u00a7<\/p>\n<p>Was ich Sonntagabend noch gemacht hatte: Die aktuelle Folge <i>Die Anstalt<\/i> geguckt. <a href=\"https:\/\/www.zdf.de\/comedy\/die-anstalt\/die-anstalt-vom-16-juli-2024-100.html\" rel=\"noopener\" target=\"_blank\">Sie dreht sich um den Stand der Klimaziele<\/a> und ist reichlich deprimierend. Dass CO<sub>2<\/sub>-Kompensationsprojekte ihren Zweck nicht erf\u00fcllen, also B\u00e4umepflanzen o.\u00e4., ist doch seit Jahren belegt (<a href=\"\/\/\/Users\/igutierrez\/Downloads\/faktencheck-vom-16-juli-2024-100.pdf\" rel=\"noopener\" target=\"_blank\">siehe auch Faktencheck zur Sendung, Stichwort &#8220;Schein-L\u00f6sung&#8221;<\/a>). Ich vergesse allerdings immer wieder, dass es den Leuten, vor allem den Unternehmen, gar nicht um tats\u00e4chlichen Klimaschutz geht, sondern lediglich um das, was sie gut aussehen l\u00e4sst &#8211; da m\u00f6gen sie in absehbarer Zeit noch so sehr selbst unter den Folgen der Klimakatastrophe leiden.<\/p>\n<p>\u00a7<\/p>\n<p><a href=\"https:\/\/joel.lu\/2024\/07\/21\/uhr-pet-shop-boys\/\" rel=\"noopener\" target=\"_blank\">Jo\u00ebl verlinkte neue Musik der Pet Shop Boys<\/a> &#8211; und es ber\u00fchrte mich unverh\u00e4ltnism\u00e4\u00dfig und irrtional, Neil Tennant als alten Herrn zu sehen. Einen weiterhin h\u00fcbschen alten Herrn, aber halt den freundlichen Rentner von nebenan.<\/p>\n<div class=\"video-wrapped\" style=\"width: 500px; height: 281px; background-image: url('https:\/\/www.vorspeisenplatte.de\/speisen\/wp-content\/plugins\/video-embed-privacy\/preview\/dHzEdsh9trQ.jpg')\" data-embed-frame=\"&lt;iframe title=&quot;Pet Shop Boys - A new bohemia (Official Video)&quot; width=&quot;500&quot; height=&quot;281&quot; src=&quot;https:\/\/www.youtube.com\/embed\/dHzEdsh9trQ?feature=oembed&quot; frameborder=&quot;0&quot; allow=&quot;accelerometer; autoplay; clipboard-write; encrypted-media; gyroscope; picture-in-picture; web-share&quot; referrerpolicy=&quot;strict-origin-when-cross-origin&quot; allowfullscreen&gt;&lt;\/iframe&gt;\" data-embed-play=\"Abspielen&lt;div class=&quot;small&quot;&gt;Das Video wird von Youtube eingebettet abespielt. Es gilt die &lt;a href=&quot;https:\/\/www.google.com\/intl\/de\/policies\/privacy\/&quot; target=&quot;_blank&quot;&gt;Datenschutzerkl\u00e4rung von Google&lt;\/a&gt;&lt;\/div&gt;\">\n<div class=\"video-wrapped-nojs\">Aktivieren Sie JavaScript um das Video zu sehen.<br \/><a href=\"https:\/\/youtu.be\/dHzEdsh9trQ?si=YbZxM40owH04qnrL\">https:\/\/youtu.be\/dHzEdsh9trQ?si=YbZxM40owH04qnrL<\/a><\/div>\n<\/div>\n<p><i>I wish I lived my life free and easier.<\/i> <img loading=\"lazy\" decoding=\"async\" src=\"https:\/\/vg02.met.vgwort.de\/na\/9cfef744200246f9ac66d2976b5bc3f2\" width=\"1\" height=\"1\" alt=\"\"\/><\/p>\n","protected":false},"excerpt":{"rendered":"<p>Etwas unruhige Nacht, doch ich wachte vor Weckerklingeln ausgeschlafen auf. Eingeschlafen war ich zu Regenrauschen: Das zumindest h\u00f6rte ich drau\u00dfen nicht, doch der Himmel sah d\u00fcster aus. Beim Eincremen nach dem Duschen musste ich endg\u00fcltig zugeben: Ich hatte mir am Sonntag einen leichten Sonnenbrand im Gesicht eingefangen, mich wohl nicht sorgf\u00e4ltig genug eingecremt &#8211; oder [&hellip;]<\/p>\n","protected":false},"author":2,"featured_media":0,"comment_status":"open","ping_status":"closed","sticky":false,"template":"","format":"standard","meta":{"footnotes":""},"categories":[1],"tags":[],"class_list":["post-99850","post","type-post","status-publish","format-standard","hentry","category-general"],"_links":{"self":[{"href":"https:\/\/www.vorspeisenplatte.de\/speisen\/wp-json\/wp\/v2\/posts\/99850","targetHints":{"allow":["GET"]}}],"collection":[{"href":"https:\/\/www.vorspeisenplatte.de\/speisen\/wp-json\/wp\/v2\/posts"}],"about":[{"href":"https:\/\/www.vorspeisenplatte.de\/speisen\/wp-json\/wp\/v2\/types\/post"}],"author":[{"embeddable":true,"href":"https:\/\/www.vorspeisenplatte.de\/speisen\/wp-json\/wp\/v2\/users\/2"}],"replies":[{"embeddable":true,"href":"https:\/\/www.vorspeisenplatte.de\/speisen\/wp-json\/wp\/v2\/comments?post=99850"}],"version-history":[{"count":3,"href":"https:\/\/www.vorspeisenplatte.de\/speisen\/wp-json\/wp\/v2\/posts\/99850\/revisions"}],"predecessor-version":[{"id":99875,"href":"https:\/\/www.vorspeisenplatte.de\/speisen\/wp-json\/wp\/v2\/posts\/99850\/revisions\/99875"}],"wp:attachment":[{"href":"https:\/\/www.vorspeisenplatte.de\/speisen\/wp-json\/wp\/v2\/media?parent=99850"}],"wp:term":[{"taxonomy":"category","embeddable":true,"href":"https:\/\/www.vorspeisenplatte.de\/speisen\/wp-json\/wp\/v2\/categories?post=99850"},{"taxonomy":"post_tag","embeddable":true,"href":"https:\/\/www.vorspeisenplatte.de\/speisen\/wp-json\/wp\/v2\/tags?post=99850"}],"curies":[{"name":"wp","href":"https:\/\/api.w.org\/{rel}","templated":true}]}}