{"id":99936,"date":"2024-07-27T09:12:35","date_gmt":"2024-07-27T07:12:35","guid":{"rendered":"https:\/\/www.vorspeisenplatte.de\/speisen\/?p=99936"},"modified":"2024-07-27T09:12:35","modified_gmt":"2024-07-27T07:12:35","slug":"journal-freitag-26-juli-2024-ferienstart-fuer-50-prozent-des-haushalts-scott-alexander-howard-the-other-valley","status":"publish","type":"post","link":"https:\/\/www.vorspeisenplatte.de\/speisen\/2024\/07\/journal-freitag-26-juli-2024-ferienstart-fuer-50-prozent-des-haushalts-scott-alexander-howard-the-other-valley.htm","title":{"rendered":"Journal Freitag, 26. Juli 2024 &#8211; Ferienstart f\u00fcr 50 Prozent des Haushalts \/ Scott Alexander Howard, <i>The other valley<\/i>"},"content":{"rendered":"<p>Ganz gut geschlafen, h\u00e4tte gern mehr als blo\u00df bis Weckerklingeln sein d\u00fcrfen. Durch die offenen Fenster und Balkont\u00fcren kam frische, k\u00fchle Sommerluft herein.<\/p>\n<p><a href=\"https:\/\/www.vorspeisenplatte.de\/speisen\/archiv\/240726_02_Stangenbohnen.jpg\"><img loading=\"lazy\" decoding=\"async\" src=\"https:\/\/www.vorspeisenplatte.de\/speisen\/archiv\/240726_02_Stangenbohnen.jpg\" alt=\"\" width=\"269\" height=\"439\" class=\"alignnone size-full wp-image-99964\" \/><\/a><\/p>\n<p>Die Bohnen klettern dieses Jahr besonders hoch. Und bl\u00fchen sch\u00f6n!<\/p>\n<p><a href=\"https:\/\/www.vorspeisenplatte.de\/speisen\/archiv\/240726_03_StMatthaeus.jpg\"><img loading=\"lazy\" decoding=\"async\" src=\"https:\/\/www.vorspeisenplatte.de\/speisen\/archiv\/240726_03_StMatthaeus.jpg\" alt=\"Blauer Morgenhimmel \u00fcber einem Park, durchschnitten von \u00fcber einem Dutzend Kondensstreifen\" width=\"366\" height=\"496\" class=\"alignnone size-full wp-image-99965\" \/><\/a><\/p>\n<p>Ferienzeit bedeutet weiterhin Flugzeit, Fl\u00fcge sind offensichtlich immer noch viel zu hoch subventioniert.<\/p>\n<p>Frischer Marsch in die Arbeit, \u00fcber mir gro\u00dfe Gruppen schrillender Mauersegler &#8211; ich rechne jeden Tag mit ihrem Abzug. Im B\u00fcro gleich mal hochkonzentriertes Planen und Organisieren &#8211; der f\u00fcr mich angenehme Teil mit Recherchen, Tabellen und Listen, ohne Telefonate und Menschen.<\/p>\n<p>Drau\u00dfen mal Wolken, mal Sonne, vor allem aber war mein B\u00fcro \u00fcberraschend kalt: Ich brauchte eine Strickjacke \u00fcber meinem Sommerkleid.<\/p>\n<p>Auf meinem Marsch zum und vom Mittagscappuccino im Westend suchte ich die Sonne und lie\u00df mich von ihr ordentlich durchw\u00e4rmen. Das hielt auch f\u00fcr danach.<\/p>\n<p>Zu Mittag gab es die zweite H\u00e4lfte Pumpernickel mit Butter vom Vortag, au\u00dferdem Mango mit Joghurt.<\/p>\n<p>Ruhiger Arbeitsnachmittag, ich konnte problemlos p\u00fcnktlich Feierabend machen. Auf dem Heimweg Eink\u00e4ufe: Ein Obstladen bot die ersehnten Mirabellen an, dazu kaufte ich doch nochmal Pfirsiche. Weitere Lebensmittel beim Vollcorner &#8211; auf dem Weg dorthin sah ich im Einkaufszentrum ein sch\u00f6nes M\u00e4nner-Shirt, und da Herr Kaltmamsell ge\u00e4u\u00dfert hatte, ihm fehle es an T-Shirts, kaufte ich es ihm (nat\u00fcrlich mit Option des Zur\u00fcckgebens bei Nichtgefallen).<\/p>\n<p>Zu Hause traf ich auf einen Herrn Kaltmamsell, der von Freude \u00fcber den Start seiner Sommerferien geradezu trunken war. Mit ihm war ich zum Ferienfeiern verabredet, davor war aber noch Zeit f\u00fcr Yoga-Gymnastik, gestern mit intensiver Dehnerei.<\/p>\n<p>F\u00fcrs aush\u00e4usige Nachtmahl hatte ich einen Tisch im Il Castagno an der Hackerbr\u00fccke resierviert: Das Lokal kenne ich ja von den beiden Jahren, die ich in einem B\u00fcro mit Blick auf deren Gastgarten arbeitete (dessen Tische eine zuverl\u00e4ssige Wettervorhersage waren: Wenn eingedeckt wurde, hielt das Wetter), wir waren schon lang nicht mehr dort gewesen.<\/p>\n<p>Das \u00dcberraschungsmen\u00fc gab es immer noch, wir entschieden uns f\u00fcr die Variante mit Fisch. Eigentlich, das wusste ich noch, ist das ein kalabrisches Lokal (vor \u00fcber zehn Jahren gab es hin und wieder explizit kalabrische Men\u00fcs), also bestellte ich dazu eine Flasche kalabrischen Mare Chiaro von Ippolito 1845 &#8211; stellte sich mit seiner Frische und Mineralit\u00e4t als guter Begleiter heraus.<\/p>\n<p><a href=\"https:\/\/www.vorspeisenplatte.de\/speisen\/archiv\/240726_06_IlCastagno.jpg\"><img loading=\"lazy\" decoding=\"async\" src=\"https:\/\/www.vorspeisenplatte.de\/speisen\/archiv\/240726_06_IlCastagno.jpg\" alt=\"Weink\u00fchler auf rot-wei\u00df karierter Tischdecke, eine Hand hebt daraus eine Weinflasche; im Hintergrund eine Frau in Sommerkleid, \u00fcber allem goldenes Sonnenlicht\" width=\"333\" height=\"444\" class=\"alignnone size-full wp-image-99969\" \/><\/a><\/p>\n<p>Zu essen gab es:<\/p>\n<p><a href=\"https:\/\/www.vorspeisenplatte.de\/speisen\/archiv\/240726_07_IlCastagno.jpg\"><img loading=\"lazy\" decoding=\"async\" src=\"https:\/\/www.vorspeisenplatte.de\/speisen\/archiv\/240726_07_IlCastagno.jpg\" alt=\"Auf rot-wei\u00dfer Tischdecke zwei wei\u00dfe gef\u00fcllte Teller und zwei Wei\u00dfweingl\u00e4ser\" width=\"333\" height=\"444\" class=\"alignnone size-full wp-image-99970\" \/><\/a><\/p>\n<p>Bruschetta mit Thunfischsauce und Garnelen<\/p>\n<p><a href=\"https:\/\/www.vorspeisenplatte.de\/speisen\/archiv\/240726_11_IlCastagno.jpg\"><img loading=\"lazy\" decoding=\"async\" src=\"https:\/\/www.vorspeisenplatte.de\/speisen\/archiv\/240726_11_IlCastagno.jpg\" alt=\"Grimassierender Mann, der in einem Biergarten an einem gedeckten Tisch sitzt, er tr\u00e4gt ein wei\u00dfes T-Shirt mit gro\u00dfem blauen Pflanzenmuster\" width=\"334\" height=\"464\" class=\"alignnone size-full wp-image-99972\" \/><\/a><\/p>\n<p>Schwertfisch-Carpaccio mit Ruccola (sehr gut) &#8211; vor neuem T-Shirt<\/p>\n<p><a href=\"https:\/\/www.vorspeisenplatte.de\/speisen\/archiv\/240726_12_IlCastagno.jpg\"><img loading=\"lazy\" decoding=\"async\" src=\"https:\/\/www.vorspeisenplatte.de\/speisen\/archiv\/240726_12_IlCastagno.jpg\" alt=\"Auf rot-wei\u00df karierter Tischdecke zwei wei\u00dfe Teller mit einem H\u00e4ufchen Linguine, darauf eine Scheibe K\u00e4se, daneben ein paar Scheiben Tr\u00fcffel\" width=\"333\" height=\"444\" class=\"alignnone size-full wp-image-99973\" \/><\/a><\/p>\n<p>Selbstgemachte Linguine mit schwarzem Tr\u00fcffel (die Pasta besonders gut)<\/p>\n<p><a href=\"https:\/\/www.vorspeisenplatte.de\/speisen\/archiv\/240726_14_IlCastagno.jpg\"><img loading=\"lazy\" decoding=\"async\" src=\"https:\/\/www.vorspeisenplatte.de\/speisen\/archiv\/240726_14_IlCastagno.jpg\" alt=\"Biergarten mit rot-wei\u00df gedeckten Tischen, an denen Menschen unter riesigen Kastanien sitzen, in goldenem Abendlicht\" width=\"599\" height=\"432\" class=\"alignnone size-full \" \/><\/a><\/p>\n<p>Wir sa\u00dfen wunderbar im warmen Abendlicht, von den Gleisen t\u00f6nte hin und wieder Quietschen der Z\u00fcge, neben uns sa\u00df eine gro\u00dfe und friedlich-vergn\u00fcgte Familiengesellschaft.<\/p>\n<p><a href=\"https:\/\/www.vorspeisenplatte.de\/speisen\/archiv\/240726_15_IlCastagno.jpg\"><img loading=\"lazy\" decoding=\"async\" src=\"https:\/\/www.vorspeisenplatte.de\/speisen\/archiv\/240726_15_IlCastagno.jpg\" alt=\"Auf rot-wei\u00df karierter Tischdecke zwei Teller mit gebratenem Fisch und zwei mit Beilagengem\u00fcse\" width=\"444\" height=\"333\" class=\"alignnone size-full wp-image-99975\" \/><\/a><\/p>\n<p>Hauptgang mit Saibling, eher fad<\/p>\n<p><a href=\"https:\/\/www.vorspeisenplatte.de\/speisen\/archiv\/240726_16_IlCastagno.jpg\"><img loading=\"lazy\" decoding=\"async\" src=\"https:\/\/www.vorspeisenplatte.de\/speisen\/archiv\/240726_16_IlCastagno.jpg\" alt=\"Auf rot-wei\u00df karierter Tischdecke zwei rechteckige wei\u00dfe Teller mit verschiedenen Desserts\" width=\"333\" height=\"400\" class=\"alignnone size-full wp-image-99976\" \/><\/a><\/p>\n<p>Nachtisch mit u.a. einem interessanten Tonkabohnen-Flan<\/p>\n<p>Zum Abschluss bekamen wir ein Gl\u00e4schen kalabrischen Grappa, sehr aromatisch. Heimweg durch meine erste wirklich cremig-milde Sommernacht.<\/p>\n<p><a href=\"https:\/\/www.vorspeisenplatte.de\/speisen\/archiv\/240726_18_Hackerbruecke.jpg\"><img loading=\"lazy\" decoding=\"async\" src=\"https:\/\/www.vorspeisenplatte.de\/speisen\/archiv\/240726_18_Hackerbruecke.jpg\" alt=\"Gleise und eiserne Br\u00fccke vor Abendhimmel\" width=\"628\" height=\"420\" class=\"alignnone size-full \" \/><\/a><\/p>\n<p>Hackerbr\u00fccke vor Sommerabendhimmel<\/p>\n<p><a href=\"https:\/\/www.vorspeisenplatte.de\/speisen\/archiv\/240726_19_Hauptbahnhof.jpg\"><img loading=\"lazy\" decoding=\"async\" src=\"https:\/\/www.vorspeisenplatte.de\/speisen\/archiv\/240726_19_Hauptbahnhof.jpg\" alt=\"Gleise und ein paar Z\u00fcge, dahinter moderne Geb\u00e4ude vor Abendhimmel\" width=\"426\" height=\"474\" class=\"alignnone size-full wp-image-99978\" \/><\/a><\/p>\n<p>Ich hoffe, dass sich der Abriss des ikonischen BR-Geb\u00e4udes verhindern l\u00e4sst.<\/p>\n<p>\u00a7<\/p>\n<p><a href=\"https:\/\/www.vorspeisenplatte.de\/speisen\/archiv\/buch_howardvalley.jpg\"><img loading=\"lazy\" decoding=\"async\" src=\"https:\/\/www.vorspeisenplatte.de\/speisen\/archiv\/buch_howardvalley.jpg\" alt=\"\" width=\"150\" height=\"226\" class=\"alignnone size-full wp-image-99868\" \/><\/a><\/p>\n<p>Scott Alexander Howard, <i>The other valley<\/i><\/p>\n<p>Ein besonders interessantes Set-up, eine raffinierte Erz\u00e4hlstimme &#8211; der Kanadier Howard hat in seinem ersten Roman gleich mal vielversprechend vorgelegt.<\/p>\n<p>Die Erz\u00e4hlung kommt von einem Ich, das sich schnell als junges M\u00e4dchen Odile kurz vor dem Schulabschluss herausstellt, und so entfaltet sich die Welt der &#8220;Valleys&#8221;, der T\u00e4ler: In Alltag und physikalischen Gesetzen \u00e4hnelt sie unserer sehr; die Unterschiede, die diese Welt ganz anders machen, zeigen sich nach und nach, meist indirekt und werden nicht explizit erkl\u00e4rt &#8211; das gefiel mir erz\u00e4hltechnisch schon mal sehr gut. Der Kernpunkt: Neben diesem Tal gibt es noch weitere, in denen alles 20 Jahre zeitversetzt ist: Odiles Tal grenzt auf einer Seite an eines, in dem es 20 Jahre vorher ist, auf der anderen Seite 20 Jahre sp\u00e4ter. Die Grenzen zu diesen anderen T\u00e4ler sind schwer bewacht, von Grenzpolizist*innen und einem breiten Zaunstreifen. Nur in Trauerf\u00e4llen und nach einem langen b\u00fcrokratischen Prozess darf diese Grenze von Einzelnen passiert werden. \u00dcber die Antr\u00e4ge entscheidet der Conseil &#8211; und Odile bewirbt sich f\u00fcr eine Ausbildung in diesem Gremium.<\/p>\n<p>Aus dem Set-up entwickeln sich allt\u00e4gliche Probleme und Fragen, die jeden und jede treffen. Ich f\u00fchlte mich an das altgriechische Konzept der Moiren erinnert: Klotho (spinnt den Lebensfaden), Lachesis (misst die L\u00e4nge des Lebensfadens) und Atropos (schneidet den Lebensfaden ab) bestimmen den Zeitpunkt des Todes; dieser ist festgesetzt, und wer sich dagegen wehrt, macht sich der Hybris schuldig. Diese Situation des <i>tertium non datur<\/i> f\u00fchrt in die klassische tragische Situation. In <i>The other valley<\/i> wird das an einem konkreten Beispiel vorgef\u00fchrt: Am Anfang des Romans sieht Odile etwas, was nicht f\u00fcr ihre Augen bestimmt ist &#8211; und zu diesem Zeitpunkt kennen wir Leser*innen ihre Welt noch so wenig, dass wir fast verpassen, welche Information sie dadurch erf\u00e4hrt und die sie nahezu zerbricht. <\/p>\n<p>Odile ist eine nicht wirklich sympathische Protagonistin: Zu Anfang Pubert\u00e4ts-ungl\u00fccklich und gleichzeitig selbstgerecht, ich konnte ihre Zerrissenheit nachf\u00fchlen, auch ihre sp\u00e4tere Bitterkeit und Hilflosigkeit gegen\u00fcber Erinnerungen. Diese Innensicht samt wackliger Moral macht sie zu einer unzuverl\u00e4ssigen Erz\u00e4hlstimme mit der M\u00f6glichkeit, dass Manches ganz anders war.<\/p>\n<p>Das Ganze fand ich ausgezeichnet gemacht &#8211; umso \u00fcbler nehme ich dem Roman sein Ende. Bin aber bereit, diese dem Verlag und Markt-Anpassung zuzurechnen statt dem Autor. Den ich auf jeden Fall im Auge behalten werde. <img loading=\"lazy\" decoding=\"async\" src=\"https:\/\/vg02.met.vgwort.de\/na\/92c7900ba778445e82a20ef076c7eda4\" width=\"1\" height=\"1\" alt=\"\"\/><\/p>\n","protected":false},"excerpt":{"rendered":"<p>Ganz gut geschlafen, h\u00e4tte gern mehr als blo\u00df bis Weckerklingeln sein d\u00fcrfen. Durch die offenen Fenster und Balkont\u00fcren kam frische, k\u00fchle Sommerluft herein. Die Bohnen klettern dieses Jahr besonders hoch. Und bl\u00fchen sch\u00f6n! Ferienzeit bedeutet weiterhin Flugzeit, Fl\u00fcge sind offensichtlich immer noch viel zu hoch subventioniert. Frischer Marsch in die Arbeit, \u00fcber mir gro\u00dfe Gruppen [&hellip;]<\/p>\n","protected":false},"author":2,"featured_media":0,"comment_status":"open","ping_status":"closed","sticky":false,"template":"","format":"standard","meta":{"footnotes":""},"categories":[3,6,2,1],"tags":[],"class_list":["post-99936","post","type-post","status-publish","format-standard","hentry","category-bucher","category-essen","category-fotos","category-general"],"_links":{"self":[{"href":"https:\/\/www.vorspeisenplatte.de\/speisen\/wp-json\/wp\/v2\/posts\/99936","targetHints":{"allow":["GET"]}}],"collection":[{"href":"https:\/\/www.vorspeisenplatte.de\/speisen\/wp-json\/wp\/v2\/posts"}],"about":[{"href":"https:\/\/www.vorspeisenplatte.de\/speisen\/wp-json\/wp\/v2\/types\/post"}],"author":[{"embeddable":true,"href":"https:\/\/www.vorspeisenplatte.de\/speisen\/wp-json\/wp\/v2\/users\/2"}],"replies":[{"embeddable":true,"href":"https:\/\/www.vorspeisenplatte.de\/speisen\/wp-json\/wp\/v2\/comments?post=99936"}],"version-history":[{"count":3,"href":"https:\/\/www.vorspeisenplatte.de\/speisen\/wp-json\/wp\/v2\/posts\/99936\/revisions"}],"predecessor-version":[{"id":99985,"href":"https:\/\/www.vorspeisenplatte.de\/speisen\/wp-json\/wp\/v2\/posts\/99936\/revisions\/99985"}],"wp:attachment":[{"href":"https:\/\/www.vorspeisenplatte.de\/speisen\/wp-json\/wp\/v2\/media?parent=99936"}],"wp:term":[{"taxonomy":"category","embeddable":true,"href":"https:\/\/www.vorspeisenplatte.de\/speisen\/wp-json\/wp\/v2\/categories?post=99936"},{"taxonomy":"post_tag","embeddable":true,"href":"https:\/\/www.vorspeisenplatte.de\/speisen\/wp-json\/wp\/v2\/tags?post=99936"}],"curies":[{"name":"wp","href":"https:\/\/api.w.org\/{rel}","templated":true}]}}